{"id":412,"date":"2013-10-18T12:45:25","date_gmt":"2013-10-18T10:45:25","guid":{"rendered":"https:\/\/dolinawiedzy.pl\/pd\/?p=412"},"modified":"2018-01-10T10:03:30","modified_gmt":"2018-01-10T09:03:30","slug":"lista-rezerwowa-pd-i-semestr-w-mielcu","status":"publish","type":"post","link":"https:\/\/dolinawiedzy.pl\/dut\/aktualnosci\/lista-rezerwowa-pd-i-semestr-w-mielcu\/","title":{"rendered":"LISTA REZERWOWA PD: I SEMESTR W MIELCU"},"content":{"rendered":"<p>Szanowni Pa\u0144stwo,<\/p>\n<p>Zamieszczam list\u0119 rezerwow\u0105 uczestnik\u00f3w PD na I semestr w Mielcu:<\/p>\n<p><a href=\"https:\/\/dolinawiedzy.pl\/dut\/wp-content\/uploads\/sites\/9\/2013\/10\/LISTA-PD-REZERWOWA-MIELEC.pdf\">LISTA PD REZERWOWA : I &#8211; MIELEC<\/a><\/p>\n","protected":false},"excerpt":{"rendered":"<p>Szanowni Pa\u0144stwo, Zamieszczam list\u0119 rezerwow\u0105 uczestnik\u00f3w PD na I semestr w Mielcu: LISTA PD REZERWOWA : I &#8211; MIELEC<\/p>\n","protected":false},"author":2,"featured_media":0,"comment_status":"closed","ping_status":"closed","sticky":false,"template":"","format":"standard","meta":{"footnotes":""},"categories":[2],"tags":[],"class_list":["post-412","post","type-post","status-publish","format-standard","hentry","category-aktualnosci"],"gutentor_comment":0,"_links":{"self":[{"href":"https:\/\/dolinawiedzy.pl\/dut\/wp-json\/wp\/v2\/posts\/412","targetHints":{"allow":["GET"]}}],"collection":[{"href":"https:\/\/dolinawiedzy.pl\/dut\/wp-json\/wp\/v2\/posts"}],"about":[{"href":"https:\/\/dolinawiedzy.pl\/dut\/wp-json\/wp\/v2\/types\/post"}],"author":[{"embeddable":true,"href":"https:\/\/dolinawiedzy.pl\/dut\/wp-json\/wp\/v2\/users\/2"}],"replies":[{"embeddable":true,"href":"https:\/\/dolinawiedzy.pl\/dut\/wp-json\/wp\/v2\/comments?post=412"}],"version-history":[{"count":4,"href":"https:\/\/dolinawiedzy.pl\/dut\/wp-json\/wp\/v2\/posts\/412\/revisions"}],"predecessor-version":[{"id":8165,"href":"https:\/\/dolinawiedzy.pl\/dut\/wp-json\/wp\/v2\/posts\/412\/revisions\/8165"}],"wp:attachment":[{"href":"https:\/\/dolinawiedzy.pl\/dut\/wp-json\/wp\/v2\/media?parent=412"}],"wp:term":[{"taxonomy":"category","embeddable":true,"href":"https:\/\/dolinawiedzy.pl\/dut\/wp-json\/wp\/v2\/categories?post=412"},{"taxonomy":"post_tag","embeddable":true,"href":"https:\/\/dolinawiedzy.pl\/dut\/wp-json\/wp\/v2\/tags?post=412"}],"curies":[{"name":"wp","href":"https:\/\/api.w.org\/{rel}","templated":true}]}}