{"id":2436,"date":"2014-09-22T15:25:21","date_gmt":"2014-09-22T13:25:21","guid":{"rendered":"https:\/\/dolinawiedzy.pl\/pd\/?p=2436"},"modified":"2018-01-10T09:56:25","modified_gmt":"2018-01-10T08:56:25","slug":"zapraszamy-na-rodzinne-spotkania-z-politechnika-dziecieca","status":"publish","type":"post","link":"https:\/\/dolinawiedzy.pl\/dut\/aktualnosci\/zapraszamy-na-rodzinne-spotkania-z-politechnika-dziecieca\/","title":{"rendered":"Zapraszamy na Rodzinne spotkania z Politechnik\u0105 Dzieci\u0119c\u0105!"},"content":{"rendered":"<h4><strong><br \/>\n<a href=\"https:\/\/dolinawiedzy.pl\/dut\/wp-content\/uploads\/sites\/2\/2014\/09\/DSCN6080-900x675-720x540.jpg\"><img decoding=\"async\" class=\"alignleft wp-image-2439 size-medium lazyload\" data-src=\"https:\/\/dolinawiedzy.pl\/dut\/wp-content\/uploads\/sites\/2\/2014\/09\/DSCN6080-900x675-720x540-300x225.jpg\" alt=\"DSCN6080 (900x675) (720x540)\" width=\"300\" height=\"225\" data-srcset=\"https:\/\/dolinawiedzy.pl\/dut\/wp-content\/uploads\/sites\/9\/2014\/09\/DSCN6080-900x675-720x540-300x225.jpg 300w, https:\/\/dolinawiedzy.pl\/dut\/wp-content\/uploads\/sites\/9\/2014\/09\/DSCN6080-900x675-720x540-145x109.jpg 145w, https:\/\/dolinawiedzy.pl\/dut\/wp-content\/uploads\/sites\/9\/2014\/09\/DSCN6080-900x675-720x540-160x120.jpg 160w, https:\/\/dolinawiedzy.pl\/dut\/wp-content\/uploads\/sites\/9\/2014\/09\/DSCN6080-900x675-720x540.jpg 720w\" data-sizes=\"(max-width: 300px) 100vw, 300px\" src=\"data:image\/svg+xml;base64,PHN2ZyB3aWR0aD0iMSIgaGVpZ2h0PSIxIiB4bWxucz0iaHR0cDovL3d3dy53My5vcmcvMjAwMC9zdmciPjwvc3ZnPg==\" style=\"--smush-placeholder-width: 300px; --smush-placeholder-aspect-ratio: 300\/225;\" \/><\/a><\/strong><\/h4>\n<h4><\/h4>\n<h4><\/h4>\n<h4><\/h4>\n<h4><\/h4>\n<h4><\/h4>\n<h4><\/h4>\n<h4><\/h4>\n<h4><\/h4>\n<h4><\/h4>\n<h4><\/h4>\n<h4><\/h4>\n<h4><\/h4>\n<h4><\/h4>\n<h4><\/h4>\n<h4>\u00a0<strong>Politechnika Dzieci\u0119ca powraca po wakacyjnej przerwie. Ju\u017c 25 wrze\u015bnia w D\u0119bicy i 26 wrze\u015bnia w Ustrzykach Dolnych odb\u0119d\u0105 si\u0119 wyj\u0105tkowe zaj\u0119cia, na kt\u00f3re zapraszamy nie tylko dzieci, ale r\u00f3wnie\u017c rodzic\u00f3w. W programie trzy ciekawe wyk\u0142ady \u2013 startujemy o 10.00.<\/strong><\/h4>\n<p>&nbsp;<\/p>\n<h2><!--more--><\/h2>\n<p>W dniu 29 wrze\u015bnia o godzinie 10.00 rozpoczynamy rejestracj\u0119 na nowy semestr Politechniki Dzieci\u0119cej. A ju\u017c 25 i 26 wrze\u015bnia w ramach inauguracji roku akademickiego 2014\/2015, w Filiach w D\u0119bicy i Ustrzykach Dolnych odb\u0119d\u0105 si\u0119 specjalne otwarte zaj\u0119ciach Politechniki Dzieci\u0119cej, na kt\u00f3re zapraszamy ca\u0142e rodziny. Z tej okazji przygotowali\u015bmy cyklu trzech wyk\u0142ad\u00f3w. Nasz\u0105 naukow\u0105 przygod\u0119 rozpoczniemy od eksperyment\u00f3w chemicznych, nast\u0119pnie odkryjemy wszystkie tajemnice \u015bwiat\u0142a, a na koniec polecimy w podr\u00f3\u017c w kosmos. Start o godzinie 10.00. Wst\u0119p wolny.<\/p>\n<p>&nbsp;<\/p>\n<hr \/>\n<p>W <strong>D\u0119bicy (czwartek 25.09.)<\/strong> wyk\u0142ady odb\u0119d\u0105 si\u0119 w <strong>Domu Kultury &#8222;Mors&#8221;<\/strong>, ul. Sportowa 28.<\/p>\n<p>W <strong>Ustrzykach Dolnych (pi\u0105tek 26.09.)<\/strong> zapraszamy do <strong>Hali Widowiskowo-Sportowej Zespo\u0142u Szk\u00f3\u0142 Publicznych nr 1.<\/strong><\/p>\n<p>&nbsp;<\/p>\n<h3><strong>Program Rodzinnych spotka\u0144 z Politechnik\u0105 Dzieci\u0119c\u0105 \u2013 25.09. D\u0119bica, 26.09. Ustrzyki Dolne<\/strong><\/h3>\n<p>10.00 \u00a0 \u201eChemia wok\u00f3\u0142 nas\u201d prof. Wiktor Bukowski<\/p>\n<p>11.00\u00a0\u00a0 \u201eCo to \u015bwiat\u0142o wyprawia? Zabawy ze \u015bwiat\u0142em<strong>\u201d <\/strong>dr S\u0142awomir Wolski<\/p>\n<p>12.00\u00a0\u00a0 \u201eOd Merkurego do Apollo \u2013 historia lot\u00f3w za\u0142ogowych\u201d Pawe\u0142 Pasterz<\/p>\n<hr \/>\n<p><strong><br \/>\nWszystkich serdecznie zapraszamy do wzi\u0119cia udzia\u0142u w zaj\u0119ciach!<\/strong><\/p>\n<p>Wi\u0119cej informacji o rejestracji na nowy semestr zaj\u0119\u0107 Politechniki Dzieci\u0119cej znajd\u0105 Pa\u0144stwo w zak\u0142adce <a href=\"https:\/\/dolinawiedzy.pl\/dut\/uczelnia\/rejestracja\/\">Rejestracja.<\/a><\/p>\n","protected":false},"excerpt":{"rendered":"<p>\u00a0Politechnika Dzieci\u0119ca powraca po wakacyjnej przerwie. Ju\u017c 25 wrze\u015bnia w D\u0119bicy i 26 wrze\u015bnia w Ustrzykach Dolnych odb\u0119d\u0105 si\u0119 wyj\u0105tkowe zaj\u0119cia, na kt\u00f3re zapraszamy nie tylko dzieci, ale r\u00f3wnie\u017c rodzic\u00f3w. W programie trzy ciekawe wyk\u0142ady \u2013 startujemy o 10.00. &nbsp;<\/p>\n","protected":false},"author":2,"featured_media":0,"comment_status":"closed","ping_status":"closed","sticky":false,"template":"","format":"standard","meta":{"footnotes":""},"categories":[2,14],"tags":[],"class_list":["post-2436","post","type-post","status-publish","format-standard","hentry","category-aktualnosci","category-politechnika-dziecieca"],"gutentor_comment":0,"_links":{"self":[{"href":"https:\/\/dolinawiedzy.pl\/dut\/wp-json\/wp\/v2\/posts\/2436","targetHints":{"allow":["GET"]}}],"collection":[{"href":"https:\/\/dolinawiedzy.pl\/dut\/wp-json\/wp\/v2\/posts"}],"about":[{"href":"https:\/\/dolinawiedzy.pl\/dut\/wp-json\/wp\/v2\/types\/post"}],"author":[{"embeddable":true,"href":"https:\/\/dolinawiedzy.pl\/dut\/wp-json\/wp\/v2\/users\/2"}],"replies":[{"embeddable":true,"href":"https:\/\/dolinawiedzy.pl\/dut\/wp-json\/wp\/v2\/comments?post=2436"}],"version-history":[{"count":23,"href":"https:\/\/dolinawiedzy.pl\/dut\/wp-json\/wp\/v2\/posts\/2436\/revisions"}],"predecessor-version":[{"id":8147,"href":"https:\/\/dolinawiedzy.pl\/dut\/wp-json\/wp\/v2\/posts\/2436\/revisions\/8147"}],"wp:attachment":[{"href":"https:\/\/dolinawiedzy.pl\/dut\/wp-json\/wp\/v2\/media?parent=2436"}],"wp:term":[{"taxonomy":"category","embeddable":true,"href":"https:\/\/dolinawiedzy.pl\/dut\/wp-json\/wp\/v2\/categories?post=2436"},{"taxonomy":"post_tag","embeddable":true,"href":"https:\/\/dolinawiedzy.pl\/dut\/wp-json\/wp\/v2\/tags?post=2436"}],"curies":[{"name":"wp","href":"https:\/\/api.w.org\/{rel}","templated":true}]}}