{"id":2288,"date":"2014-09-15T14:41:04","date_gmt":"2014-09-15T12:41:04","guid":{"rendered":"https:\/\/dolinawiedzy.pl\/pd\/?p=2288"},"modified":"2018-01-10T09:57:19","modified_gmt":"2018-01-10T08:57:19","slug":"juz-29-wrzesnia-rusza-rekrutacja-na-nowy-semestr-politechniki-dzieciecej","status":"publish","type":"post","link":"https:\/\/dolinawiedzy.pl\/dut\/aktualnosci\/juz-29-wrzesnia-rusza-rekrutacja-na-nowy-semestr-politechniki-dzieciecej\/","title":{"rendered":"Ju\u017c 29 wrze\u015bnia rusza rekrutacja na nowy semestr Politechniki Dzieci\u0119cej!"},"content":{"rendered":"<p><strong><a href=\"https:\/\/dolinawiedzy.pl\/dut\/wp-content\/uploads\/sites\/9\/2014\/04\/P3290375.JPG\"><img decoding=\"async\" class=\"alignleft wp-image-2060 size-medium lazyload\" data-src=\"https:\/\/dolinawiedzy.pl\/dut\/wp-content\/uploads\/sites\/9\/2014\/04\/P3290375-300x225.jpg\" alt=\"\" width=\"300\" height=\"225\" data-srcset=\"https:\/\/dolinawiedzy.pl\/dut\/wp-content\/uploads\/sites\/9\/2014\/04\/P3290375-300x225.jpg 300w, https:\/\/dolinawiedzy.pl\/dut\/wp-content\/uploads\/sites\/9\/2014\/04\/P3290375-1024x768.jpg 1024w, https:\/\/dolinawiedzy.pl\/dut\/wp-content\/uploads\/sites\/9\/2014\/04\/P3290375-145x109.jpg 145w, https:\/\/dolinawiedzy.pl\/dut\/wp-content\/uploads\/sites\/9\/2014\/04\/P3290375-160x120.jpg 160w\" data-sizes=\"(max-width: 300px) 100vw, 300px\" src=\"data:image\/svg+xml;base64,PHN2ZyB3aWR0aD0iMSIgaGVpZ2h0PSIxIiB4bWxucz0iaHR0cDovL3d3dy53My5vcmcvMjAwMC9zdmciPjwvc3ZnPg==\" style=\"--smush-placeholder-width: 300px; --smush-placeholder-aspect-ratio: 300\/225;\" \/><\/a><\/strong><strong>29 wrze\u015bnia o godzinie 10.00 rozpocznie si\u0119 rekrutacja na zaj\u0119cia Politechniki Dzieci\u0119cej. Rejestracja potrwa do 5 pa\u017adziernika do godziny 23.59.59.<\/strong><\/p>\n<p><!--more--><\/p>\n<p>W Rzeszowie b\u0119dzie to ju\u017c XI semestr zaj\u0119\u0107, w Mielcu III semestr, a w D\u0119bicy i Ustrzykach Dolnych semestr II.<\/p>\n<p><span class=\"userContent\">Nowy semestr to nowe zaj\u0119cia i nowi prowadz\u0105cy &#8211; b\u0119dzie du\u017co do\u015bwiadcze\u0144, b\u0119dzie o tym, \u017ce matematyk\u0119 mo\u017cemy odnale\u017a\u0107 wsz\u0119dzie, b\u0119dzie te\u017c co\u015b o kolorach i \u015bwietle, o ekologii i o tym, \u017ce kosmos jest ca\u0142kiem blisko nas.<br \/>\n<\/span>Plany i tematy zaj\u0119\u0107 na nowy semestr znajdziecie Pa\u0144stwo w zak\u0142adce <a href=\"https:\/\/dolinawiedzy.pl\/dut\/uczelnia\/zajecia\/\" target=\"_blank\">Plany zaj\u0119\u0107 PD<\/a>.<br \/>\nProsz\u0119 pami\u0119ta\u0107, i\u017c dla Rzeszowa i ka\u017cdej Filii prowadzone s\u0105 osobne rekrutacje. Wszystkie informacje dotycz\u0105ce rekrutacji znajd\u0105 Pa\u0144stwo w zak\u0142adce <a href=\"https:\/\/dolinawiedzy.pl\/dut\/uczelnia\/rejestracja\/\">Rejestracja.\u00a0<\/a><\/p>\n","protected":false},"excerpt":{"rendered":"<p>29 wrze\u015bnia o godzinie 10.00 rozpocznie si\u0119 rekrutacja na zaj\u0119cia Politechniki Dzieci\u0119cej. Rejestracja potrwa do 5 pa\u017adziernika do godziny 23.59.59.<\/p>\n","protected":false},"author":2,"featured_media":0,"comment_status":"closed","ping_status":"closed","sticky":false,"template":"","format":"standard","meta":{"footnotes":""},"categories":[2],"tags":[],"class_list":["post-2288","post","type-post","status-publish","format-standard","hentry","category-aktualnosci"],"gutentor_comment":0,"_links":{"self":[{"href":"https:\/\/dolinawiedzy.pl\/dut\/wp-json\/wp\/v2\/posts\/2288","targetHints":{"allow":["GET"]}}],"collection":[{"href":"https:\/\/dolinawiedzy.pl\/dut\/wp-json\/wp\/v2\/posts"}],"about":[{"href":"https:\/\/dolinawiedzy.pl\/dut\/wp-json\/wp\/v2\/types\/post"}],"author":[{"embeddable":true,"href":"https:\/\/dolinawiedzy.pl\/dut\/wp-json\/wp\/v2\/users\/2"}],"replies":[{"embeddable":true,"href":"https:\/\/dolinawiedzy.pl\/dut\/wp-json\/wp\/v2\/comments?post=2288"}],"version-history":[{"count":21,"href":"https:\/\/dolinawiedzy.pl\/dut\/wp-json\/wp\/v2\/posts\/2288\/revisions"}],"predecessor-version":[{"id":8150,"href":"https:\/\/dolinawiedzy.pl\/dut\/wp-json\/wp\/v2\/posts\/2288\/revisions\/8150"}],"wp:attachment":[{"href":"https:\/\/dolinawiedzy.pl\/dut\/wp-json\/wp\/v2\/media?parent=2288"}],"wp:term":[{"taxonomy":"category","embeddable":true,"href":"https:\/\/dolinawiedzy.pl\/dut\/wp-json\/wp\/v2\/categories?post=2288"},{"taxonomy":"post_tag","embeddable":true,"href":"https:\/\/dolinawiedzy.pl\/dut\/wp-json\/wp\/v2\/tags?post=2288"}],"curies":[{"name":"wp","href":"https:\/\/api.w.org\/{rel}","templated":true}]}}