{"id":12047,"date":"2021-12-01T15:49:07","date_gmt":"2021-12-01T14:49:07","guid":{"rendered":"https:\/\/dolinawiedzy.pl\/dut\/?p=12047"},"modified":"2021-12-01T15:49:09","modified_gmt":"2021-12-01T14:49:09","slug":"naukowa-niedziela-online-2","status":"publish","type":"post","link":"https:\/\/dolinawiedzy.pl\/dut\/aktualnosci\/naukowa-niedziela-online-2\/","title":{"rendered":"Naukowa Niedziela Online"},"content":{"rendered":"\n<p>Ju\u017c w najbli\u017csz\u0105 niedziel\u0119 zapraszamy na kolejn\u0105 Naukow\u0105 Niedziel\u0119 &#8211; tym razem w formie online. <\/p>\n\n\n\n<p>Spotkanie pod nazw\u0105 &#8222;M\u00f3zg i jego okna na \u015bwiat&#8221; poprowadzi Dr Wojciech Glac, profesor Uniwersytetu Gda\u0144skiego. <\/p>\n\n\n\n<p>Zapraszamy wszystkich ch\u0119tnych na naszego Facebooka (live) o godz. 15:00!<\/p>\n\n\n\n<figure class=\"wp-block-image size-large\"><img decoding=\"async\" data-src=\"https:\/\/dolinawiedzy.pl\/wp-content\/uploads\/2021\/12\/fb-post-1024x1024.png\" alt=\"\" class=\"wp-image-4407 lazyload\" src=\"data:image\/svg+xml;base64,PHN2ZyB3aWR0aD0iMSIgaGVpZ2h0PSIxIiB4bWxucz0iaHR0cDovL3d3dy53My5vcmcvMjAwMC9zdmciPjwvc3ZnPg==\" style=\"--smush-placeholder-width: 1024px; --smush-placeholder-aspect-ratio: 1024\/1024;\" \/><\/figure>\n\n\n\n<!--more-->\n\n\n\n<p>Podczas warsztat\u00f3w online uczestnicy znajd\u0105 odpowied\u017a m.in na pytania takie jak:<\/p>\n\n\n\n<p><img decoding=\"async\" height=\"16\" width=\"16\" alt=\"\u2705\" data-src=\"https:\/\/static.xx.fbcdn.net\/images\/emoji.php\/v9\/tba\/1.5\/16\/2705.png\" src=\"data:image\/svg+xml;base64,PHN2ZyB3aWR0aD0iMSIgaGVpZ2h0PSIxIiB4bWxucz0iaHR0cDovL3d3dy53My5vcmcvMjAwMC9zdmciPjwvc3ZnPg==\" class=\"lazyload\" style=\"--smush-placeholder-width: 16px; --smush-placeholder-aspect-ratio: 16\/16;\" \/>&nbsp;Dlaczego m\u00f3zg widzi \u015bwiat do g\u00f3ry nogami?<\/p>\n\n\n\n<p><img decoding=\"async\" height=\"16\" width=\"16\" alt=\"\u2705\" data-src=\"https:\/\/static.xx.fbcdn.net\/images\/emoji.php\/v9\/tba\/1.5\/16\/2705.png\" src=\"data:image\/svg+xml;base64,PHN2ZyB3aWR0aD0iMSIgaGVpZ2h0PSIxIiB4bWxucz0iaHR0cDovL3d3dy53My5vcmcvMjAwMC9zdmciPjwvc3ZnPg==\" class=\"lazyload\" style=\"--smush-placeholder-width: 16px; --smush-placeholder-aspect-ratio: 16\/16;\" \/>&nbsp;Dlaczego w nocy wszystko jest szare?<\/p>\n\n\n\n<p><img decoding=\"async\" height=\"16\" width=\"16\" alt=\"\u2705\" data-src=\"https:\/\/static.xx.fbcdn.net\/images\/emoji.php\/v9\/tba\/1.5\/16\/2705.png\" src=\"data:image\/svg+xml;base64,PHN2ZyB3aWR0aD0iMSIgaGVpZ2h0PSIxIiB4bWxucz0iaHR0cDovL3d3dy53My5vcmcvMjAwMC9zdmciPjwvc3ZnPg==\" class=\"lazyload\" style=\"--smush-placeholder-width: 16px; --smush-placeholder-aspect-ratio: 16\/16;\" \/>&nbsp;Dlaczego palce s\u0105 bardziej wra\u017cliwe na dotyk ni\u017c plecy?<\/p>\n\n\n\n<p><img decoding=\"async\" height=\"16\" width=\"16\" alt=\"\u2705\" data-src=\"https:\/\/static.xx.fbcdn.net\/images\/emoji.php\/v9\/tba\/1.5\/16\/2705.png\" src=\"data:image\/svg+xml;base64,PHN2ZyB3aWR0aD0iMSIgaGVpZ2h0PSIxIiB4bWxucz0iaHR0cDovL3d3dy53My5vcmcvMjAwMC9zdmciPjwvc3ZnPg==\" class=\"lazyload\" style=\"--smush-placeholder-width: 16px; --smush-placeholder-aspect-ratio: 16\/16;\" \/>&nbsp;Dlaczego ciep\u0142a woda wydaje si\u0119 czasem zimna?<\/p>\n\n\n\n<p>Ponadto uczestnicy spotkania wraz z prowadz\u0105cym b\u0119d\u0105 wsp\u00f3lnie eksperymentowa\u0107 na wcze\u015bniej przygotowanych przez siebie materia\u0142ach. Wykonaj\u0105 m.in model oka, zrobi\u0105 eksperyment dotycz\u0105cy plamki \u015blepej czy widzenia w ciemno\u015bci. To oczywi\u015bcie nie wszystko czego dowiedz\u0105 si\u0119 i do\u015bwiadcz\u0105 uczestnicy spotkania&#8230;<\/p>\n\n\n\n<p>By w pe\u0142ni bra\u0107 udzia\u0142 w warsztatach prosimy by ka\u017cdy uczestnik przygotowa\u0142 wcze\u015bniej niezb\u0119dne materia\u0142y:<\/p>\n\n\n\n<ul class=\"wp-block-list\"><li>1 tekturowy kubeczek (jak na kaw\u0119 czy herbat\u0119)<\/li><li>czarna farba<\/li><li>p\u0119dzelek<\/li><li>kalka techniczna (nie kalka taka do &#8222;pisania przez kalk\u0119&#8221;, ale taki p\u00f3\u0142przezroczysty bia\u0142y papier)<\/li><li>klej biurowy<\/li><li>3 dowolne kubki<\/li><li>ciep\u0142a i zimna woda<\/li><li>ig\u0142a lub cyrkiel<\/li><li>gruby nieprzepuszczalny dla \u015bwiat\u0142a koc<\/li><li>bia\u0142e kartki papieru<\/li><li>kredki<\/li><li>2 lub wi\u0119cej sztywnych w\u0142os\u00f3w od szczotki lub dwa ostro zako\u0144czone o\u0142\u00f3wki <\/li><li>gumka recepturka<\/li><li>\u015bwieczka<\/li><li>zapalniczka<\/li><li>kawa\u0142ek plasteliny.<\/li><\/ul>\n\n\n\n<p>Zapraszamy r\u00f3wnie\u017c do \u015bledzenia wydarzenia spotkania:<\/p>\n\n\n\n<p><a href=\"https:\/\/www.facebook.com\/events\/453436506443251\">https:\/\/www.facebook.com\/events\/453436506443251<\/a>\/<\/p>\n\n\n\n<p>Partnerem strategicznym DUT Rzesz\u00f3w jest firma Pratt &amp; Whitney Rzesz\u00f3w a partnerem g\u0142\u00f3wnym jest Wojew\u00f3dztwo Podkarpackie.<\/p>\n\n\n\n<p>Zaj\u0119cia realizowane s\u0105 w ramach projektu &#8222;SPINaj nauk\u0119&#8221; dofinansowanego z programu &#8222;Spo\u0142eczna Odpowiedzialno\u015b\u0107 Nauki&#8221; Ministra Edukacji i Nauki.<\/p>\n","protected":false},"excerpt":{"rendered":"<p>Ju\u017c w najbli\u017csz\u0105 niedziel\u0119 zapraszamy na kolejn\u0105 Naukow\u0105 Niedziel\u0119 &#8211; tym razem w formie online. Spotkanie pod nazw\u0105 &#8222;M\u00f3zg i jego okna na \u015bwiat&#8221; poprowadzi Dr Wojciech Glac, profesor Uniwersytetu Gda\u0144skiego. Zapraszamy wszystkich ch\u0119tnych na naszego Facebooka (live) o godz. 15:00!<\/p>\n","protected":false},"author":2,"featured_media":0,"comment_status":"closed","ping_status":"closed","sticky":false,"template":"","format":"standard","meta":{"footnotes":""},"categories":[2],"tags":[],"class_list":["post-12047","post","type-post","status-publish","format-standard","hentry","category-aktualnosci"],"gutentor_comment":0,"_links":{"self":[{"href":"https:\/\/dolinawiedzy.pl\/dut\/wp-json\/wp\/v2\/posts\/12047","targetHints":{"allow":["GET"]}}],"collection":[{"href":"https:\/\/dolinawiedzy.pl\/dut\/wp-json\/wp\/v2\/posts"}],"about":[{"href":"https:\/\/dolinawiedzy.pl\/dut\/wp-json\/wp\/v2\/types\/post"}],"author":[{"embeddable":true,"href":"https:\/\/dolinawiedzy.pl\/dut\/wp-json\/wp\/v2\/users\/2"}],"replies":[{"embeddable":true,"href":"https:\/\/dolinawiedzy.pl\/dut\/wp-json\/wp\/v2\/comments?post=12047"}],"version-history":[{"count":1,"href":"https:\/\/dolinawiedzy.pl\/dut\/wp-json\/wp\/v2\/posts\/12047\/revisions"}],"predecessor-version":[{"id":12048,"href":"https:\/\/dolinawiedzy.pl\/dut\/wp-json\/wp\/v2\/posts\/12047\/revisions\/12048"}],"wp:attachment":[{"href":"https:\/\/dolinawiedzy.pl\/dut\/wp-json\/wp\/v2\/media?parent=12047"}],"wp:term":[{"taxonomy":"category","embeddable":true,"href":"https:\/\/dolinawiedzy.pl\/dut\/wp-json\/wp\/v2\/categories?post=12047"},{"taxonomy":"post_tag","embeddable":true,"href":"https:\/\/dolinawiedzy.pl\/dut\/wp-json\/wp\/v2\/tags?post=12047"}],"curies":[{"name":"wp","href":"https:\/\/api.w.org\/{rel}","templated":true}]}}