{"id":12000,"date":"2021-11-16T10:19:35","date_gmt":"2021-11-16T09:19:35","guid":{"rendered":"https:\/\/dolinawiedzy.pl\/dut\/?p=12000"},"modified":"2021-11-18T09:41:23","modified_gmt":"2021-11-18T08:41:23","slug":"naukowa-niedziela-w-ustrzykach-dolnych-2","status":"publish","type":"post","link":"https:\/\/dolinawiedzy.pl\/dut\/aktualnosci\/naukowa-niedziela-w-ustrzykach-dolnych-2\/","title":{"rendered":"Naukowa  Niedziela w Ustrzykach Dolnych"},"content":{"rendered":"\n<p>W najbli\u017csz\u0105 niedziel\u0119 &#8211; 21 listopada o godz. 15:00  zapraszamy rodziny z dzie\u0107mi na &#8222;Naukow\u0105 Niedziel\u0119&#8221; pn. &#8222;Gimnastyka m\u00f3zgu&#8221;. Spotkanie odb\u0119dzie si\u0119 na Hali Sportowej w Ustrzykach Dolnych. <\/p>\n\n\n\n<figure class=\"wp-block-image size-large\"><img decoding=\"async\" width=\"1024\" height=\"1024\" data-src=\"https:\/\/dolinawiedzy.pl\/dut\/wp-content\/uploads\/sites\/9\/2021\/11\/gimnastyka-mozgu-post-1-1024x1024.jpg\" alt=\"\" class=\"wp-image-12004 lazyload\" data-srcset=\"https:\/\/dolinawiedzy.pl\/dut\/wp-content\/uploads\/sites\/9\/2021\/11\/gimnastyka-mozgu-post-1-1024x1024.jpg 1024w, https:\/\/dolinawiedzy.pl\/dut\/wp-content\/uploads\/sites\/9\/2021\/11\/gimnastyka-mozgu-post-1-300x300.jpg 300w, https:\/\/dolinawiedzy.pl\/dut\/wp-content\/uploads\/sites\/9\/2021\/11\/gimnastyka-mozgu-post-1-150x150.jpg 150w, https:\/\/dolinawiedzy.pl\/dut\/wp-content\/uploads\/sites\/9\/2021\/11\/gimnastyka-mozgu-post-1-768x768.jpg 768w, https:\/\/dolinawiedzy.pl\/dut\/wp-content\/uploads\/sites\/9\/2021\/11\/gimnastyka-mozgu-post-1.jpg 1080w\" data-sizes=\"(max-width: 1024px) 100vw, 1024px\" src=\"data:image\/svg+xml;base64,PHN2ZyB3aWR0aD0iMSIgaGVpZ2h0PSIxIiB4bWxucz0iaHR0cDovL3d3dy53My5vcmcvMjAwMC9zdmciPjwvc3ZnPg==\" style=\"--smush-placeholder-width: 1024px; --smush-placeholder-aspect-ratio: 1024\/1024;\" \/><\/figure>\n\n\n\n<!--more-->\n\n\n\n<p>Podczas spotkania w spos\u00f3b aktywizuj\u0105cy wszystkich uczestnik\u00f3w rozwijane b\u0119d\u0105 umiej\u0119tno\u015bci z zakresu  koncentracji, uwagi, pami\u0119ci i planowania nauki w\u0142asnej.<\/p>\n\n\n\n<p>Uczestnicy poznaj\u0105 r\u00f3\u017cne, dostosowane do wieku, potrzeb i mo\u017cliwo\u015bci techniki zwi\u0119kszaj\u0105ce skuteczno\u015b\u0107 uczenia si\u0119. Podczas zaj\u0119\u0107, opr\u00f3cz metod aktywizuj\u0105cych stosowane b\u0119d\u0105 liczne \u0107wiczenia:<\/p>\n\n\n\n<p><img decoding=\"async\" height=\"16\" width=\"16\" alt=\"\u2705\" data-src=\"https:\/\/www.facebook.com\/images\/emoji.php\/v9\/t33\/1\/16\/2705.png\" src=\"data:image\/svg+xml;base64,PHN2ZyB3aWR0aD0iMSIgaGVpZ2h0PSIxIiB4bWxucz0iaHR0cDovL3d3dy53My5vcmcvMjAwMC9zdmciPjwvc3ZnPg==\" class=\"lazyload\" style=\"--smush-placeholder-width: 16px; --smush-placeholder-aspect-ratio: 16\/16;\" \/> wprowadzaj\u0105ce<\/p>\n\n\n\n<p><img decoding=\"async\" height=\"16\" width=\"16\" alt=\"\u2705\" data-src=\"https:\/\/www.facebook.com\/images\/emoji.php\/v9\/t33\/1\/16\/2705.png\" src=\"data:image\/svg+xml;base64,PHN2ZyB3aWR0aD0iMSIgaGVpZ2h0PSIxIiB4bWxucz0iaHR0cDovL3d3dy53My5vcmcvMjAwMC9zdmciPjwvc3ZnPg==\" class=\"lazyload\" style=\"--smush-placeholder-width: 16px; --smush-placeholder-aspect-ratio: 16\/16;\" \/> na przekraczanie linii \u015brodka<\/p>\n\n\n\n<p><img decoding=\"async\" height=\"16\" width=\"16\" alt=\"\u2705\" data-src=\"https:\/\/www.facebook.com\/images\/emoji.php\/v9\/t33\/1\/16\/2705.png\" src=\"data:image\/svg+xml;base64,PHN2ZyB3aWR0aD0iMSIgaGVpZ2h0PSIxIiB4bWxucz0iaHR0cDovL3d3dy53My5vcmcvMjAwMC9zdmciPjwvc3ZnPg==\" class=\"lazyload\" style=\"--smush-placeholder-width: 16px; --smush-placeholder-aspect-ratio: 16\/16;\" \/> kreatywne pytania<\/p>\n\n\n\n<p><img decoding=\"async\" height=\"16\" width=\"16\" alt=\"\u2705\" data-src=\"https:\/\/www.facebook.com\/images\/emoji.php\/v9\/t33\/1\/16\/2705.png\" src=\"data:image\/svg+xml;base64,PHN2ZyB3aWR0aD0iMSIgaGVpZ2h0PSIxIiB4bWxucz0iaHR0cDovL3d3dy53My5vcmcvMjAwMC9zdmciPjwvc3ZnPg==\" class=\"lazyload\" style=\"--smush-placeholder-width: 16px; --smush-placeholder-aspect-ratio: 16\/16;\" \/> gimnastyka m\u00f3zgu i cia\u0142a<\/p>\n\n\n\n<p><img decoding=\"async\" height=\"16\" width=\"16\" alt=\"\u2705\" data-src=\"https:\/\/www.facebook.com\/images\/emoji.php\/v9\/t33\/1\/16\/2705.png\" src=\"data:image\/svg+xml;base64,PHN2ZyB3aWR0aD0iMSIgaGVpZ2h0PSIxIiB4bWxucz0iaHR0cDovL3d3dy53My5vcmcvMjAwMC9zdmciPjwvc3ZnPg==\" class=\"lazyload\" style=\"--smush-placeholder-width: 16px; --smush-placeholder-aspect-ratio: 16\/16;\" \/> energizery<\/p>\n\n\n\n<p><img decoding=\"async\" height=\"16\" width=\"16\" alt=\"\u2705\" data-src=\"https:\/\/www.facebook.com\/images\/emoji.php\/v9\/t33\/1\/16\/2705.png\" src=\"data:image\/svg+xml;base64,PHN2ZyB3aWR0aD0iMSIgaGVpZ2h0PSIxIiB4bWxucz0iaHR0cDovL3d3dy53My5vcmcvMjAwMC9zdmciPjwvc3ZnPg==\" class=\"lazyload\" style=\"--smush-placeholder-width: 16px; --smush-placeholder-aspect-ratio: 16\/16;\" \/> nauka \u017conglowania<\/p>\n\n\n\n<p><img decoding=\"async\" height=\"16\" width=\"16\" alt=\"\u2705\" data-src=\"https:\/\/www.facebook.com\/images\/emoji.php\/v9\/t33\/1\/16\/2705.png\" src=\"data:image\/svg+xml;base64,PHN2ZyB3aWR0aD0iMSIgaGVpZ2h0PSIxIiB4bWxucz0iaHR0cDovL3d3dy53My5vcmcvMjAwMC9zdmciPjwvc3ZnPg==\" class=\"lazyload\" style=\"--smush-placeholder-width: 16px; --smush-placeholder-aspect-ratio: 16\/16;\" \/> wykonanie w\u0142asnych pi\u0142ek do \u017conglowania<\/p>\n\n\n\n<p>Wszystkie \u0107wiczenia pomog\u0105 w rozwijaniu kreatywno\u015bci oraz pozwol\u0105 wyj\u015b\u0107 poza schematy my\u015blenia.<\/p>\n\n\n\n<p>Spotkanie poprowadzi: <a href=\"https:\/\/www.csp-team.pl\/\">CSP &#8222;Team&#8221;<\/a><\/p>\n\n\n\n<p>Tak jak na ka\u017cd\u0105 Naukow\u0105 Niedziel\u0119 prosimy by ka\u017cdy z uczestnik\u00f3w przyni\u00f3s\u0142 ze sob\u0105 niezb\u0119dne materia\u0142y:<\/p>\n\n\n\n<p>&#8211; 3 skarpetki\/ podkolan\u00f3wki rajstopowe (cienkie)<br \/>&#8211; 6\/7 balon\u00f3w<br \/>&#8211; 0,5 kg kaszy (jaglana\/ j\u0119czmienna)<br \/>&#8211; no\u017cyczki<\/p>\n\n\n\n<p>Zapraszamy r\u00f3wnie\u017c na wydarzenie na Facebooku: <a href=\"https:\/\/www.facebook.com\/events\/272102231525530\/\">TUTAJ<\/a><\/p>\n\n\n\n<p>Partnerem Strategicznym wydarzenia jest Gmina Ustrzyki Dolne, a Partnerami Ustrzycki Dom Kultury oraz Szko\u0142a Podstawowa Nr 1 im. Miko\u0142aja Kopernika w Ustrzykach Dolnych<\/p>\n\n\n\n<p><\/p>\n","protected":false},"excerpt":{"rendered":"<p>W najbli\u017csz\u0105 niedziel\u0119 &#8211; 21 listopada o godz. 15:00 zapraszamy rodziny z dzie\u0107mi na &#8222;Naukow\u0105 Niedziel\u0119&#8221; pn. &#8222;Gimnastyka m\u00f3zgu&#8221;. Spotkanie odb\u0119dzie si\u0119 na Hali Sportowej w Ustrzykach Dolnych.<\/p>\n","protected":false},"author":2,"featured_media":0,"comment_status":"closed","ping_status":"closed","sticky":false,"template":"","format":"standard","meta":{"footnotes":""},"categories":[2],"tags":[],"class_list":["post-12000","post","type-post","status-publish","format-standard","hentry","category-aktualnosci"],"gutentor_comment":0,"_links":{"self":[{"href":"https:\/\/dolinawiedzy.pl\/dut\/wp-json\/wp\/v2\/posts\/12000","targetHints":{"allow":["GET"]}}],"collection":[{"href":"https:\/\/dolinawiedzy.pl\/dut\/wp-json\/wp\/v2\/posts"}],"about":[{"href":"https:\/\/dolinawiedzy.pl\/dut\/wp-json\/wp\/v2\/types\/post"}],"author":[{"embeddable":true,"href":"https:\/\/dolinawiedzy.pl\/dut\/wp-json\/wp\/v2\/users\/2"}],"replies":[{"embeddable":true,"href":"https:\/\/dolinawiedzy.pl\/dut\/wp-json\/wp\/v2\/comments?post=12000"}],"version-history":[{"count":2,"href":"https:\/\/dolinawiedzy.pl\/dut\/wp-json\/wp\/v2\/posts\/12000\/revisions"}],"predecessor-version":[{"id":12005,"href":"https:\/\/dolinawiedzy.pl\/dut\/wp-json\/wp\/v2\/posts\/12000\/revisions\/12005"}],"wp:attachment":[{"href":"https:\/\/dolinawiedzy.pl\/dut\/wp-json\/wp\/v2\/media?parent=12000"}],"wp:term":[{"taxonomy":"category","embeddable":true,"href":"https:\/\/dolinawiedzy.pl\/dut\/wp-json\/wp\/v2\/categories?post=12000"},{"taxonomy":"post_tag","embeddable":true,"href":"https:\/\/dolinawiedzy.pl\/dut\/wp-json\/wp\/v2\/tags?post=12000"}],"curies":[{"name":"wp","href":"https:\/\/api.w.org\/{rel}","templated":true}]}}