{"id":11993,"date":"2021-11-08T13:38:34","date_gmt":"2021-11-08T12:38:34","guid":{"rendered":"https:\/\/dolinawiedzy.pl\/dut\/?p=11993"},"modified":"2021-11-08T13:38:57","modified_gmt":"2021-11-08T12:38:57","slug":"design-thinking-czyli-jak-kreatywnie-podejsc-do-problemow","status":"publish","type":"post","link":"https:\/\/dolinawiedzy.pl\/dut\/aktualnosci\/design-thinking-czyli-jak-kreatywnie-podejsc-do-problemow\/","title":{"rendered":"Design Thinking, czyli jak kreatywnie podej\u015b\u0107 do problem\u00f3w"},"content":{"rendered":"\n<p>W najbli\u017csz\u0105 \u015brod\u0119 (10.11) o godz. 17:30 zapraszamy wszystkich ch\u0119tnych na warsztat online pt. Design Thinking czyli jak kreatywnie podej\u015b\u0107 do problem\u00f3w. Warsztat prowadzony b\u0119dzie w formie <em>Live<\/em> na Facebooku Dolina Wiedzy.  <\/p>\n\n\n\n<figure class=\"wp-block-gallery columns-1 is-cropped wp-block-gallery-1 is-layout-flex wp-block-gallery-is-layout-flex\"><ul class=\"blocks-gallery-grid\"><li class=\"blocks-gallery-item\"><figure><img decoding=\"async\" width=\"1024\" height=\"1024\" data-src=\"https:\/\/dolinawiedzy.pl\/dut\/wp-content\/uploads\/sites\/9\/2021\/11\/fb-post-2-1024x1024.png\" alt=\"\" data-id=\"11994\" data-full-url=\"https:\/\/dolinawiedzy.pl\/dut\/wp-content\/uploads\/sites\/9\/2021\/11\/fb-post-2.png\" data-link=\"https:\/\/dolinawiedzy.pl\/dut\/?attachment_id=11994\" class=\"wp-image-11994 lazyload\" data-srcset=\"https:\/\/dolinawiedzy.pl\/dut\/wp-content\/uploads\/sites\/9\/2021\/11\/fb-post-2-1024x1024.png 1024w, https:\/\/dolinawiedzy.pl\/dut\/wp-content\/uploads\/sites\/9\/2021\/11\/fb-post-2-300x300.png 300w, https:\/\/dolinawiedzy.pl\/dut\/wp-content\/uploads\/sites\/9\/2021\/11\/fb-post-2-150x150.png 150w, https:\/\/dolinawiedzy.pl\/dut\/wp-content\/uploads\/sites\/9\/2021\/11\/fb-post-2-768x768.png 768w, https:\/\/dolinawiedzy.pl\/dut\/wp-content\/uploads\/sites\/9\/2021\/11\/fb-post-2-1536x1536.png 1536w, https:\/\/dolinawiedzy.pl\/dut\/wp-content\/uploads\/sites\/9\/2021\/11\/fb-post-2-2048x2048.png 2048w\" data-sizes=\"(max-width: 1024px) 100vw, 1024px\" src=\"data:image\/svg+xml;base64,PHN2ZyB3aWR0aD0iMSIgaGVpZ2h0PSIxIiB4bWxucz0iaHR0cDovL3d3dy53My5vcmcvMjAwMC9zdmciPjwvc3ZnPg==\" style=\"--smush-placeholder-width: 1024px; --smush-placeholder-aspect-ratio: 1024\/1024;\" \/><\/figure><\/li><\/ul><\/figure>\n\n\n\n<!--more-->\n\n\n\n<p class=\"has-text-align-left\">Design Thinking to &#8222;nowatorska&#8221; metoda rozwi\u0105zywania tego, co na poz\u00f3r jest zawik\u0142ane niczym w\u0119ze\u0142 gordyjski. W trakcie warsztatu online uczestnicy zostan\u0105 zapoznani z podstawow\u0105 wiedz\u0105 z zakresu metodyki, a tak\u017ce b\u0119d\u0105 mie\u0107 okazj\u0119 podj\u0105\u0107 odpowiedzialne dzia\u0142ania, kt\u00f3rych celem b\u0119dzie rozwi\u0105zanie konkretnego problemu. Poza narz\u0119dziami uczestnicy poznaj\u0105 jak budowa\u0107 swoj\u0105 kreatywno\u015b\u0107 i gdzie szuka\u0107 najlepszych rozwi\u0105za\u0144. <\/p>\n\n\n\n<p>Wydarzenie prowadzone b\u0119dzie na wz\u00f3r Naukowych Niedziel Online, podczas kt\u00f3rych uczestnicy wsp\u00f3lnie wraz z prowadz\u0105cym eksperymentuj\u0105 z danym tematem.<\/p>\n\n\n\n<p>Prosimy by uczestnicy przygotowali sobie wcze\u015bniej co\u015b do pisania oraz mieli ze sob\u0105 wydrukowany poni\u017cszy za\u0142\u0105cznik:<\/p>\n\n\n\n<p><a href=\"https:\/\/dolinawiedzy.pl\/dut\/wp-content\/uploads\/sites\/9\/2021\/11\/kolka-01.png\">https:\/\/dolinawiedzy.pl\/dut\/wp-content\/uploads\/sites\/9\/2021\/11\/kolka-01.png<\/a><\/p>\n\n\n\n<p>Spotkanie poprowadzi \u0141ukasz Bis &#8211; wieloletni wyk\u0142adowca, pracownik naukowy. Obecnie pe\u0142ni rol\u0119 Prodziekana Kolegium Medi\u00f3w i Komunikacji Spo\u0142ecznej WSIiZ ds. kierunku Grafika komputerowa i produkcja multimedialna. G\u0142\u00f3wny organizator Konferencji Internetbeta. Lider projekt\u00f3w NASA SpaceAppsChallenge Rzesz\u00f3w oraz TEDxRzeszow. Wsp\u00f3\u0142organizator mikrokonferencji XRAii, udzielaj\u0105cy si\u0119 czynnie na rzecz rzeszowskich \u015brodowisk innowacyjnych\/startupowych.<\/p>\n\n\n\n<p>Zapewniamy, \u017ce z tak\u0105 osobowo\u015bci\u0105 nie b\u0119dziecie si\u0119 nudzi\u0107!<\/p>\n\n\n\n<p>Zapraszamy na warsztat online wszystkie ch\u0119tne dzieci do sp\u0119dzenia wsp\u00f3lnego kreatywnego popo\u0142udnia.&nbsp;Naj\u0142atwiej odnajd\u0105 si\u0119 dzieci w wieku 9-13 lat, jednak i te m\u0142odsze i te odrobine starsze na pewno znajd\u0105 co\u015b dla siebie.<\/p>\n\n\n\n<p>Szczeg\u00f3\u0142y oraz bezpo\u015bredni dost\u0119p do wydarzenia znajduje si\u0119 <a href=\"https:\/\/www.facebook.com\/events\/742024247193375\/\">TUTAJ<\/a>. <\/p>\n\n\n\n<p>Partnerem strategicznym spotkania jest firma Pratt &amp; Whitney Rzesz\u00f3w a partnerem g\u0142\u00f3wnym jest Wojew\u00f3dztwo Podkarpackie.<\/p>\n\n\n\n<p>Wydarzenie jest cz\u0119\u015bci\u0105 projektu \u201eSPINaj nauk\u0119&#8221;, nowej inicjatywy Stowarzyszenia Spo\u0142ecze\u0144stwo i Nauka (SPIN), kt\u00f3rego jeste\u015bmy cz\u0119\u015bci\u0105.<\/p>\n\n\n\n<p>Zaj\u0119cia realizowane s\u0105 w ramach projektu &#8222;SPINaj nauk\u0119&#8221; dofinansowanego z programu &#8222;Spo\u0142eczna Odpowiedzialno\u015b\u0107 Nauki&#8221; Ministra Edukacji i Nauki. <\/p>\n","protected":false},"excerpt":{"rendered":"<p>W najbli\u017csz\u0105 \u015brod\u0119 (10.11) o godz. 17:30 zapraszamy wszystkich ch\u0119tnych na warsztat online pt. Design Thinking czyli jak kreatywnie podej\u015b\u0107 do problem\u00f3w. Warsztat prowadzony b\u0119dzie w formie Live na Facebooku Dolina Wiedzy.<\/p>\n","protected":false},"author":2,"featured_media":0,"comment_status":"closed","ping_status":"closed","sticky":false,"template":"","format":"standard","meta":{"footnotes":""},"categories":[2],"tags":[],"class_list":["post-11993","post","type-post","status-publish","format-standard","hentry","category-aktualnosci"],"gutentor_comment":0,"_links":{"self":[{"href":"https:\/\/dolinawiedzy.pl\/dut\/wp-json\/wp\/v2\/posts\/11993","targetHints":{"allow":["GET"]}}],"collection":[{"href":"https:\/\/dolinawiedzy.pl\/dut\/wp-json\/wp\/v2\/posts"}],"about":[{"href":"https:\/\/dolinawiedzy.pl\/dut\/wp-json\/wp\/v2\/types\/post"}],"author":[{"embeddable":true,"href":"https:\/\/dolinawiedzy.pl\/dut\/wp-json\/wp\/v2\/users\/2"}],"replies":[{"embeddable":true,"href":"https:\/\/dolinawiedzy.pl\/dut\/wp-json\/wp\/v2\/comments?post=11993"}],"version-history":[{"count":2,"href":"https:\/\/dolinawiedzy.pl\/dut\/wp-json\/wp\/v2\/posts\/11993\/revisions"}],"predecessor-version":[{"id":11997,"href":"https:\/\/dolinawiedzy.pl\/dut\/wp-json\/wp\/v2\/posts\/11993\/revisions\/11997"}],"wp:attachment":[{"href":"https:\/\/dolinawiedzy.pl\/dut\/wp-json\/wp\/v2\/media?parent=11993"}],"wp:term":[{"taxonomy":"category","embeddable":true,"href":"https:\/\/dolinawiedzy.pl\/dut\/wp-json\/wp\/v2\/categories?post=11993"},{"taxonomy":"post_tag","embeddable":true,"href":"https:\/\/dolinawiedzy.pl\/dut\/wp-json\/wp\/v2\/tags?post=11993"}],"curies":[{"name":"wp","href":"https:\/\/api.w.org\/{rel}","templated":true}]}}