{"id":3722,"date":"2025-10-20T13:01:00","date_gmt":"2025-10-20T11:01:00","guid":{"rendered":"https:\/\/dolinawiedzy.pl\/dut-wielkopolska\/?p=3722"},"modified":"2025-11-25T15:15:41","modified_gmt":"2025-11-25T14:15:41","slug":"zainaugurowano-iv-semestr-dzieciecego-uniwersytetu-technicznego-w-kaliszu","status":"publish","type":"post","link":"https:\/\/dolinawiedzy.pl\/dut-wielkopolska\/aktualnosci\/zainaugurowano-iv-semestr-dzieciecego-uniwersytetu-technicznego-w-kaliszu\/","title":{"rendered":"Zainaugurowano IV semestr Dzieci\u0119cego Uniwersytetu Technicznego w Kaliszu!"},"content":{"rendered":"\n<p>Mi\u0142o nam poinformowa\u0107, \u017ce oficjalnie rozpocz\u0105\u0142 si\u0119 IV semestr Dzieci\u0119cego Uniwersytetu Technicznego w Kaliszu. W zaj\u0119ciach, kt\u00f3re potrwaj\u0105 od pa\u017adziernika 2025 roku do stycznia 2026 roku, udzia\u0142 we\u017amie \u0142\u0105cznie 240 dzieci pochodz\u0105cych z r\u00f3\u017cnych miejscowo\u015bci wojew\u00f3dztwa wielkopolskiego. To kolejna edycja projektu, kt\u00f3ry pozwala m\u0142odym ludziom rozwija\u0107 ciekawo\u015b\u0107 \u015bwiata, zdobywa\u0107 now\u0105 wiedz\u0119 oraz odkrywa\u0107 nauk\u0119 w atrakcyjnej, przyst\u0119pnej formie. Na uczestnik\u00f3w czekaj\u0105 a\u017c cztery popularnonaukowe wyk\u0142ady, a ka\u017cdy z m\u0142odych DUTowicz\u00f3w b\u0119dzie m\u00f3g\u0142 wzi\u0105\u0107 udzia\u0142 w dw\u00f3ch wyj\u0105tkowych warsztatach. Szczeg\u00f3\u0142owy harmonogram zaj\u0119\u0107 na ten semestr znajduje si\u0119 z zak\u0142adce &#8222;Plany zaj\u0119\u0107&#8221;.<\/p>\n\n\n<div class=\"wp-block-image\">\n<figure class=\"aligncenter size-large is-resized\"><img decoding=\"async\" width=\"1024\" height=\"682\" data-src=\"https:\/\/dolinawiedzy.pl\/dut-wielkopolska\/wp-content\/uploads\/sites\/11\/2025\/11\/A7400925-1024x682.jpg\" alt=\"\" class=\"wp-image-3723 lazyload\" style=\"--smush-placeholder-width: 1024px; --smush-placeholder-aspect-ratio: 1024\/682;width:698px;height:auto\" data-srcset=\"https:\/\/dolinawiedzy.pl\/dut-wielkopolska\/wp-content\/uploads\/sites\/11\/2025\/11\/A7400925-1024x682.jpg 1024w, https:\/\/dolinawiedzy.pl\/dut-wielkopolska\/wp-content\/uploads\/sites\/11\/2025\/11\/A7400925-300x200.jpg 300w, https:\/\/dolinawiedzy.pl\/dut-wielkopolska\/wp-content\/uploads\/sites\/11\/2025\/11\/A7400925-768x512.jpg 768w, https:\/\/dolinawiedzy.pl\/dut-wielkopolska\/wp-content\/uploads\/sites\/11\/2025\/11\/A7400925-1536x1024.jpg 1536w, https:\/\/dolinawiedzy.pl\/dut-wielkopolska\/wp-content\/uploads\/sites\/11\/2025\/11\/A7400925-120x80.jpg 120w, https:\/\/dolinawiedzy.pl\/dut-wielkopolska\/wp-content\/uploads\/sites\/11\/2025\/11\/A7400925.jpg 2000w\" data-sizes=\"(max-width: 1024px) 100vw, 1024px\" src=\"data:image\/svg+xml;base64,PHN2ZyB3aWR0aD0iMSIgaGVpZ2h0PSIxIiB4bWxucz0iaHR0cDovL3d3dy53My5vcmcvMjAwMC9zdmciPjwvc3ZnPg==\" \/><\/figure>\n<\/div>\n\n\n<p>Pierwszy wyk\u0142ad semestru zimowego poprowadzi\u0142 pan Rados\u0142aw Pior. Spotkanie zatytu\u0142owane \u201eAstronomia\u2013Gastronomia!\u201d przenios\u0142o uczestnik\u00f3w w niezwyk\u0142y \u015bwiat kosmicznych zjawisk, kt\u00f3re przedstawione zosta\u0142y za pomoc\u0105 codziennych, znanych dzieciom do\u015bwiadcze\u0144. Wyk\u0142ad \u0142\u0105czy\u0142 elementy naukowe z pobudzaniem wyobra\u017ani i anga\u017cowaniem r\u00f3\u017cnych zmys\u0142\u00f3w. Uczestnicy mieli okazj\u0119 pozna\u0107 Wszech\u015bwiat nie tylko poprzez obserwacj\u0119, ale tak\u017ce dzi\u0119ki d\u017awi\u0119kowi, zapachowi i smakowi. Wyj\u0105tkowym elementem by\u0142o pokazanie, w jaki spos\u00f3b zwyk\u0142a kuchenka mikrofalowa mo\u017ce pos\u0142u\u017cy\u0107 do \u201eus\u0142yszenia\u201d odg\u0142os\u00f3w Kosmosu. Dzieci obserwowa\u0142y r\u00f3wnie\u017c, jak strzelaj\u0105cy popcorn i powstaj\u0105ca wata cukrowa mog\u0105 obrazowa\u0107 zjawiska takie jak supernowe czy rozleg\u0142e mg\u0142awice. Na zako\u0144czenie czeka\u0142a na nich s\u0142odka przek\u0105ska, stanowi\u0105ca symboliczne podsumowanie tej kosmicznej podr\u00f3\u017cy.<\/p>\n\n\n<div class=\"wp-block-image\">\n<figure class=\"aligncenter size-large is-resized\"><img decoding=\"async\" width=\"1024\" height=\"682\" data-src=\"https:\/\/dolinawiedzy.pl\/dut-wielkopolska\/wp-content\/uploads\/sites\/11\/2025\/11\/A7401740-1024x682.jpg\" alt=\"\" class=\"wp-image-3724 lazyload\" style=\"--smush-placeholder-width: 1024px; --smush-placeholder-aspect-ratio: 1024\/682;width:706px;height:auto\" data-srcset=\"https:\/\/dolinawiedzy.pl\/dut-wielkopolska\/wp-content\/uploads\/sites\/11\/2025\/11\/A7401740-1024x682.jpg 1024w, https:\/\/dolinawiedzy.pl\/dut-wielkopolska\/wp-content\/uploads\/sites\/11\/2025\/11\/A7401740-300x200.jpg 300w, https:\/\/dolinawiedzy.pl\/dut-wielkopolska\/wp-content\/uploads\/sites\/11\/2025\/11\/A7401740-768x512.jpg 768w, https:\/\/dolinawiedzy.pl\/dut-wielkopolska\/wp-content\/uploads\/sites\/11\/2025\/11\/A7401740-1536x1024.jpg 1536w, https:\/\/dolinawiedzy.pl\/dut-wielkopolska\/wp-content\/uploads\/sites\/11\/2025\/11\/A7401740-120x80.jpg 120w, https:\/\/dolinawiedzy.pl\/dut-wielkopolska\/wp-content\/uploads\/sites\/11\/2025\/11\/A7401740.jpg 2000w\" data-sizes=\"(max-width: 1024px) 100vw, 1024px\" src=\"data:image\/svg+xml;base64,PHN2ZyB3aWR0aD0iMSIgaGVpZ2h0PSIxIiB4bWxucz0iaHR0cDovL3d3dy53My5vcmcvMjAwMC9zdmciPjwvc3ZnPg==\" \/><\/figure>\n<\/div>\n\n\n<p>Zaj\u0119cia odbywaj\u0105 si\u0119 w dw\u00f3ch grupach wyk\u0142adowych: pierwsza w godzinach 10.00\u201311.00, druga w godzinach 12.00\u201313.00. Harmonogram ten pozwala na komfortowy udzia\u0142 wszystkich m\u0142odych student\u00f3w oraz sprawne przeprowadzenie ka\u017cdego spotkania.<\/p>\n\n\n\n<p>Organizacja Dzieci\u0119cego Uniwersytetu Technicznego w Kaliszu jest mo\u017cliwa dzi\u0119ki wsparciu Partner\u00f3w, kt\u00f3rymi s\u0105: Wielkopolski Klaster Lotniczy, Pratt&amp;Whitney Kalisz, Meyer Tool Poland, Collins Aerospace, Barnes Aerospace i Uniwersytet Kaliski oraz w ramach realizacji projektu pod nazw\u0105 \u201ePopularyzacja kszta\u0142cenia zawodowego, odpowiadaj\u0105cego na wyzwanie wsp\u00f3\u0142czesnego rynku pracy w 2025 roku.\u201d. Projekt ten jest finansowany ze \u015brodk\u00f3w pochodz\u0105cych z bud\u017cetu Urz\u0119du Miasta Kalisza.<\/p>\n\n\n<div class=\"wp-block-image\">\n<figure class=\"aligncenter size-large is-resized\"><img decoding=\"async\" width=\"1024\" height=\"682\" data-src=\"https:\/\/dolinawiedzy.pl\/dut-wielkopolska\/wp-content\/uploads\/sites\/11\/2025\/11\/A7400997-1024x682.jpg\" alt=\"\" class=\"wp-image-3725 lazyload\" style=\"--smush-placeholder-width: 1024px; --smush-placeholder-aspect-ratio: 1024\/682;width:744px;height:auto\" data-srcset=\"https:\/\/dolinawiedzy.pl\/dut-wielkopolska\/wp-content\/uploads\/sites\/11\/2025\/11\/A7400997-1024x682.jpg 1024w, https:\/\/dolinawiedzy.pl\/dut-wielkopolska\/wp-content\/uploads\/sites\/11\/2025\/11\/A7400997-300x200.jpg 300w, https:\/\/dolinawiedzy.pl\/dut-wielkopolska\/wp-content\/uploads\/sites\/11\/2025\/11\/A7400997-768x512.jpg 768w, https:\/\/dolinawiedzy.pl\/dut-wielkopolska\/wp-content\/uploads\/sites\/11\/2025\/11\/A7400997-1536x1024.jpg 1536w, https:\/\/dolinawiedzy.pl\/dut-wielkopolska\/wp-content\/uploads\/sites\/11\/2025\/11\/A7400997-120x80.jpg 120w, https:\/\/dolinawiedzy.pl\/dut-wielkopolska\/wp-content\/uploads\/sites\/11\/2025\/11\/A7400997.jpg 2000w\" data-sizes=\"(max-width: 1024px) 100vw, 1024px\" src=\"data:image\/svg+xml;base64,PHN2ZyB3aWR0aD0iMSIgaGVpZ2h0PSIxIiB4bWxucz0iaHR0cDovL3d3dy53My5vcmcvMjAwMC9zdmciPjwvc3ZnPg==\" \/><\/figure>\n<\/div>\n\n\n<p>Rozpocz\u0119ty semestr zapowiada si\u0119 niezwykle interesuj\u0105co, a przed uczestnikami stoi wiele kolejnych inspiruj\u0105cych zaj\u0119\u0107 i odkry\u0107 naukowych. Cieszymy si\u0119 z tak licznego udzia\u0142u dzieci i \u017cyczymy im wielu fascynuj\u0105cych do\u015bwiadcze\u0144 podczas tegorocznej edycji projektu.<\/p>\n","protected":false},"excerpt":{"rendered":"<p>Mi\u0142o nam poinformowa\u0107, \u017ce oficjalnie rozpocz\u0105\u0142 si\u0119 IV semestr Dzieci\u0119cego Uniwersytetu Technicznego w Kaliszu. W zaj\u0119ciach, kt\u00f3re potrwaj\u0105 od pa\u017adziernika 2025 roku do stycznia 2026 roku, udzia\u0142 we\u017amie \u0142\u0105cznie 240 dzieci pochodz\u0105cych z r\u00f3\u017cnych miejscowo\u015bci wojew\u00f3dztwa wielkopolskiego. To kolejna edycja projektu, kt\u00f3ry pozwala m\u0142odym ludziom rozwija\u0107 ciekawo\u015b\u0107 \u015bwiata, zdobywa\u0107 now\u0105 wiedz\u0119 oraz odkrywa\u0107 nauk\u0119 w atrakcyjnej, przyst\u0119pnej formie. Na uczestnik\u00f3w czekaj\u0105 a\u017c cztery popularnonaukowe wyk\u0142ady, a ka\u017cdy z m\u0142odych DUTowicz\u00f3w&hellip;<\/p>\n","protected":false},"author":9146,"featured_media":3726,"comment_status":"closed","ping_status":"closed","sticky":false,"template":"","format":"standard","meta":{"footnotes":""},"categories":[2],"tags":[],"class_list":["post-3722","post","type-post","status-publish","format-standard","has-post-thumbnail","hentry","category-aktualnosci"],"gutentor_comment":0,"_links":{"self":[{"href":"https:\/\/dolinawiedzy.pl\/dut-wielkopolska\/wp-json\/wp\/v2\/posts\/3722","targetHints":{"allow":["GET"]}}],"collection":[{"href":"https:\/\/dolinawiedzy.pl\/dut-wielkopolska\/wp-json\/wp\/v2\/posts"}],"about":[{"href":"https:\/\/dolinawiedzy.pl\/dut-wielkopolska\/wp-json\/wp\/v2\/types\/post"}],"author":[{"embeddable":true,"href":"https:\/\/dolinawiedzy.pl\/dut-wielkopolska\/wp-json\/wp\/v2\/users\/9146"}],"replies":[{"embeddable":true,"href":"https:\/\/dolinawiedzy.pl\/dut-wielkopolska\/wp-json\/wp\/v2\/comments?post=3722"}],"version-history":[{"count":1,"href":"https:\/\/dolinawiedzy.pl\/dut-wielkopolska\/wp-json\/wp\/v2\/posts\/3722\/revisions"}],"predecessor-version":[{"id":3727,"href":"https:\/\/dolinawiedzy.pl\/dut-wielkopolska\/wp-json\/wp\/v2\/posts\/3722\/revisions\/3727"}],"wp:featuredmedia":[{"embeddable":true,"href":"https:\/\/dolinawiedzy.pl\/dut-wielkopolska\/wp-json\/wp\/v2\/media\/3726"}],"wp:attachment":[{"href":"https:\/\/dolinawiedzy.pl\/dut-wielkopolska\/wp-json\/wp\/v2\/media?parent=3722"}],"wp:term":[{"taxonomy":"category","embeddable":true,"href":"https:\/\/dolinawiedzy.pl\/dut-wielkopolska\/wp-json\/wp\/v2\/categories?post=3722"},{"taxonomy":"post_tag","embeddable":true,"href":"https:\/\/dolinawiedzy.pl\/dut-wielkopolska\/wp-json\/wp\/v2\/tags?post=3722"}],"curies":[{"name":"wp","href":"https:\/\/api.w.org\/{rel}","templated":true}]}}